{"id":30744,"date":"2024-08-06T12:29:56","date_gmt":"2024-08-06T10:29:56","guid":{"rendered":"https:\/\/www.lt-gasetechnik.de\/2024\/08\/06\/lt-gasetechnik-muestra-al-eurodiputado-los-obstaculos-practicos-a-la-directiva-sobre-el-desplazamiento-de-trabajadores\/"},"modified":"2024-08-06T12:29:56","modified_gmt":"2024-08-06T10:29:56","slug":"lt-gasetechnik-muestra-al-eurodiputado-los-obstaculos-practicos-a-la-directiva-sobre-el-desplazamiento-de-trabajadores","status":"publish","type":"post","link":"https:\/\/www.lt-gasetechnik.de\/es\/2024\/08\/06\/lt-gasetechnik-muestra-al-eurodiputado-los-obstaculos-practicos-a-la-directiva-sobre-el-desplazamiento-de-trabajadores\/","title":{"rendered":"LT GASETECHNIK muestra al eurodiputado los obst\u00e1culos pr\u00e1cticos a la Directiva sobre el desplazamiento de trabajadores"},"content":{"rendered":"<p>Denis Radtke, miembro del Parlamento Europeo y diputado de la CDU por la regi\u00f3n del Ruhr, visita LT GASETECHNIK.<br \/>\nEn presencia del Director de la Oficina Europea de la VDMA, Holger Kunze, hubo un intenso intercambio sobre los efectos de la Directiva sobre el desplazamiento de trabajadores (Directiva 96\/71\/CE sobre el desplazamiento de trabajadores).<br \/>\nLT GASETECHNIK inform\u00f3, a partir de su experiencia pr\u00e1ctica, sobre el elevado esfuerzo administrativo necesario para la puesta en marcha, el mantenimiento y el servicio en otros pa\u00edses europeos.<br \/>\nEn un ejemplo concreto, un tercio de los costes de un desplazamiento a Luxemburgo se debieron al trabajo administrativo adicional.<br \/>\nSin embargo, el uso de empleados altamente cualificados de LT significa que, en estos casos, no hay riesgo alguno de que se socaven los salarios m\u00ednimos y las normas sociales, por lo que no se aprecia la necesidad de este gasto.<br \/>\nEl Sr. Radtke ha comprendido el problema particular de las empresas del sector alem\u00e1n de la ingenier\u00eda mec\u00e1nica y de instalaciones, y ha anunciado que presentar\u00e1 la correspondiente solicitud a la Comisi\u00f3n Europea.<br \/>\nEsto supone un impulso para que la <a href=\"https:\/\/www.vdma.org\/\" target=\"_blank\" rel=\"noopener noreferrer\">VDMA<\/a> sensibilice a los pol\u00edticos sobre las implicaciones administrativas y abogue por aumentar la viabilidad de esta directiva para las empresas alemanas de desplazamiento.      <\/p>\n","protected":false},"excerpt":{"rendered":"<p>Denis Radtke, miembro del Parlamento Europeo y diputado de la CDU por la regi\u00f3n del Ruhr, visita LT GASETECHNIK. En presencia del Director de la Oficina Europea de la VDMA, Holger Kunze, hubo un intenso intercambio sobre los efectos de la Directiva sobre el desplazamiento de trabajadores (Directiva 96\/71\/CE sobre el desplazamiento de trabajadores). LT [&hellip;]<\/p>\n","protected":false},"author":5,"featured_media":0,"comment_status":"closed","ping_status":"closed","sticky":false,"template":"","format":"standard","meta":{"footnotes":""},"categories":[255],"tags":[],"class_list":["post-30744","post","type-post","status-publish","format-standard","hentry","category-sin-categorizar"],"yoast_head":"<!-- This site is optimized with the Yoast SEO plugin v27.5 - https:\/\/yoast.com\/product\/yoast-seo-wordpress\/ -->\n<title>LT GASETECHNIK muestra los obst\u00e1culos pr\u00e1cticos a la Directiva sobre el desplazamiento de trabajadores<\/title>\n<meta name=\"description\" content=\"LT GASETECHNIK muestra al eurodiputado los obst\u00e1culos pr\u00e1cticos a la Directiva sobre el desplazamiento de trabajadores. El Sr. Radtke prometi\u00f3 presentar una solicitud a la Comisi\u00f3n.\" \/>\n<meta name=\"robots\" content=\"index, follow, max-snippet:-1, max-image-preview:large, max-video-preview:-1\" \/>\n<link rel=\"canonical\" href=\"https:\/\/www.lt-gasetechnik.de\/es\/2024\/08\/06\/lt-gasetechnik-muestra-al-eurodiputado-los-obstaculos-practicos-a-la-directiva-sobre-el-desplazamiento-de-trabajadores\/\" \/>\n<meta property=\"og:locale\" content=\"es_ES\" \/>\n<meta property=\"og:type\" content=\"article\" \/>\n<meta property=\"og:title\" content=\"LT GASETECHNIK muestra los obst\u00e1culos pr\u00e1cticos a la Directiva sobre el desplazamiento de trabajadores\" \/>\n<meta property=\"og:description\" content=\"LT GASETECHNIK muestra al eurodiputado los obst\u00e1culos pr\u00e1cticos a la Directiva sobre el desplazamiento de trabajadores. El Sr. Radtke prometi\u00f3 presentar una solicitud a la Comisi\u00f3n.\" \/>\n<meta property=\"og:url\" content=\"https:\/\/www.lt-gasetechnik.de\/es\/2024\/08\/06\/lt-gasetechnik-muestra-al-eurodiputado-los-obstaculos-practicos-a-la-directiva-sobre-el-desplazamiento-de-trabajadores\/\" \/>\n<meta property=\"og:site_name\" content=\"LT GASETECHNIK\" \/>\n<meta property=\"article:published_time\" content=\"2024-08-06T10:29:56+00:00\" \/>\n<meta name=\"author\" content=\"Alexander Hanf\" \/>\n<meta name=\"twitter:card\" content=\"summary_large_image\" \/>\n<meta name=\"twitter:label1\" content=\"Escrito por\" \/>\n\t<meta name=\"twitter:data1\" content=\"Alexander Hanf\" \/>\n\t<meta name=\"twitter:label2\" content=\"Tiempo de lectura\" \/>\n\t<meta name=\"twitter:data2\" content=\"1 minuto\" \/>\n<script type=\"application\/ld+json\" class=\"yoast-schema-graph\">{\"@context\":\"https:\\\/\\\/schema.org\",\"@graph\":[{\"@type\":\"Article\",\"@id\":\"https:\\\/\\\/www.lt-gasetechnik.de\\\/es\\\/2024\\\/08\\\/06\\\/lt-gasetechnik-muestra-al-eurodiputado-los-obstaculos-practicos-a-la-directiva-sobre-el-desplazamiento-de-trabajadores\\\/#article\",\"isPartOf\":{\"@id\":\"https:\\\/\\\/www.lt-gasetechnik.de\\\/es\\\/2024\\\/08\\\/06\\\/lt-gasetechnik-muestra-al-eurodiputado-los-obstaculos-practicos-a-la-directiva-sobre-el-desplazamiento-de-trabajadores\\\/\"},\"author\":{\"name\":\"Alexander Hanf\",\"@id\":\"https:\\\/\\\/www.lt-gasetechnik.de\\\/es\\\/#\\\/schema\\\/person\\\/d9db0cad8ac27bf62f95b66b4b8fbfd4\"},\"headline\":\"LT GASETECHNIK muestra al eurodiputado los obst\u00e1culos pr\u00e1cticos a la Directiva sobre el desplazamiento de trabajadores\",\"datePublished\":\"2024-08-06T10:29:56+00:00\",\"mainEntityOfPage\":{\"@id\":\"https:\\\/\\\/www.lt-gasetechnik.de\\\/es\\\/2024\\\/08\\\/06\\\/lt-gasetechnik-muestra-al-eurodiputado-los-obstaculos-practicos-a-la-directiva-sobre-el-desplazamiento-de-trabajadores\\\/\"},\"wordCount\":235,\"publisher\":{\"@id\":\"https:\\\/\\\/www.lt-gasetechnik.de\\\/es\\\/#organization\"},\"articleSection\":[\"Sin categorizar\"],\"inLanguage\":\"es\"},{\"@type\":\"WebPage\",\"@id\":\"https:\\\/\\\/www.lt-gasetechnik.de\\\/es\\\/2024\\\/08\\\/06\\\/lt-gasetechnik-muestra-al-eurodiputado-los-obstaculos-practicos-a-la-directiva-sobre-el-desplazamiento-de-trabajadores\\\/\",\"url\":\"https:\\\/\\\/www.lt-gasetechnik.de\\\/es\\\/2024\\\/08\\\/06\\\/lt-gasetechnik-muestra-al-eurodiputado-los-obstaculos-practicos-a-la-directiva-sobre-el-desplazamiento-de-trabajadores\\\/\",\"name\":\"LT GASETECHNIK muestra los obst\u00e1culos pr\u00e1cticos a la Directiva sobre el desplazamiento de trabajadores\",\"isPartOf\":{\"@id\":\"https:\\\/\\\/www.lt-gasetechnik.de\\\/es\\\/#website\"},\"datePublished\":\"2024-08-06T10:29:56+00:00\",\"description\":\"LT GASETECHNIK muestra al eurodiputado los obst\u00e1culos pr\u00e1cticos a la Directiva sobre el desplazamiento de trabajadores. El Sr. Radtke prometi\u00f3 presentar una solicitud a la Comisi\u00f3n.\",\"breadcrumb\":{\"@id\":\"https:\\\/\\\/www.lt-gasetechnik.de\\\/es\\\/2024\\\/08\\\/06\\\/lt-gasetechnik-muestra-al-eurodiputado-los-obstaculos-practicos-a-la-directiva-sobre-el-desplazamiento-de-trabajadores\\\/#breadcrumb\"},\"inLanguage\":\"es\",\"potentialAction\":[{\"@type\":\"ReadAction\",\"target\":[\"https:\\\/\\\/www.lt-gasetechnik.de\\\/es\\\/2024\\\/08\\\/06\\\/lt-gasetechnik-muestra-al-eurodiputado-los-obstaculos-practicos-a-la-directiva-sobre-el-desplazamiento-de-trabajadores\\\/\"]}]},{\"@type\":\"BreadcrumbList\",\"@id\":\"https:\\\/\\\/www.lt-gasetechnik.de\\\/es\\\/2024\\\/08\\\/06\\\/lt-gasetechnik-muestra-al-eurodiputado-los-obstaculos-practicos-a-la-directiva-sobre-el-desplazamiento-de-trabajadores\\\/#breadcrumb\",\"itemListElement\":[{\"@type\":\"ListItem\",\"position\":1,\"name\":\"Startseite\",\"item\":\"https:\\\/\\\/www.lt-gasetechnik.de\\\/es\\\/\"},{\"@type\":\"ListItem\",\"position\":2,\"name\":\"LT GASETECHNIK muestra al eurodiputado los obst\u00e1culos pr\u00e1cticos a la Directiva sobre el desplazamiento de trabajadores\"}]},{\"@type\":\"WebSite\",\"@id\":\"https:\\\/\\\/www.lt-gasetechnik.de\\\/es\\\/#website\",\"url\":\"https:\\\/\\\/www.lt-gasetechnik.de\\\/es\\\/\",\"name\":\"LT GASETECHNIK\",\"description\":\"beyond standards\",\"publisher\":{\"@id\":\"https:\\\/\\\/www.lt-gasetechnik.de\\\/es\\\/#organization\"},\"potentialAction\":[{\"@type\":\"SearchAction\",\"target\":{\"@type\":\"EntryPoint\",\"urlTemplate\":\"https:\\\/\\\/www.lt-gasetechnik.de\\\/es\\\/?s={search_term_string}\"},\"query-input\":{\"@type\":\"PropertyValueSpecification\",\"valueRequired\":true,\"valueName\":\"search_term_string\"}}],\"inLanguage\":\"es\"},{\"@type\":\"Organization\",\"@id\":\"https:\\\/\\\/www.lt-gasetechnik.de\\\/es\\\/#organization\",\"name\":\"LT GASETECHNIK\",\"url\":\"https:\\\/\\\/www.lt-gasetechnik.de\\\/es\\\/\",\"logo\":{\"@type\":\"ImageObject\",\"inLanguage\":\"es\",\"@id\":\"https:\\\/\\\/www.lt-gasetechnik.de\\\/es\\\/#\\\/schema\\\/logo\\\/image\\\/\",\"url\":\"https:\\\/\\\/www.lt-gasetechnik.de\\\/wp-content\\\/uploads\\\/2020\\\/06\\\/lt-gasetechnik-logo-60x330-1.jpg\",\"contentUrl\":\"https:\\\/\\\/www.lt-gasetechnik.de\\\/wp-content\\\/uploads\\\/2020\\\/06\\\/lt-gasetechnik-logo-60x330-1.jpg\",\"width\":330,\"height\":60,\"caption\":\"LT GASETECHNIK\"},\"image\":{\"@id\":\"https:\\\/\\\/www.lt-gasetechnik.de\\\/es\\\/#\\\/schema\\\/logo\\\/image\\\/\"}},{\"@type\":\"Person\",\"@id\":\"https:\\\/\\\/www.lt-gasetechnik.de\\\/es\\\/#\\\/schema\\\/person\\\/d9db0cad8ac27bf62f95b66b4b8fbfd4\",\"name\":\"Alexander Hanf\",\"image\":{\"@type\":\"ImageObject\",\"inLanguage\":\"es\",\"@id\":\"https:\\\/\\\/secure.gravatar.com\\\/avatar\\\/db2b524fb591574d36b6f1c5af0218f7a6af4a228530c02a586d1be61f1d05c4?s=96&d=mm&r=g\",\"url\":\"https:\\\/\\\/secure.gravatar.com\\\/avatar\\\/db2b524fb591574d36b6f1c5af0218f7a6af4a228530c02a586d1be61f1d05c4?s=96&d=mm&r=g\",\"contentUrl\":\"https:\\\/\\\/secure.gravatar.com\\\/avatar\\\/db2b524fb591574d36b6f1c5af0218f7a6af4a228530c02a586d1be61f1d05c4?s=96&d=mm&r=g\",\"caption\":\"Alexander Hanf\"},\"sameAs\":[\"https:\\\/\\\/www.lt-gasetechnik.de\"],\"url\":\"https:\\\/\\\/www.lt-gasetechnik.de\\\/es\\\/author\\\/alexander-c-hanf\\\/\"}]}<\/script>\n<!-- \/ Yoast SEO plugin. -->","yoast_head_json":{"title":"LT GASETECHNIK muestra los obst\u00e1culos pr\u00e1cticos a la Directiva sobre el desplazamiento de trabajadores","description":"LT GASETECHNIK muestra al eurodiputado los obst\u00e1culos pr\u00e1cticos a la Directiva sobre el desplazamiento de trabajadores. El Sr. Radtke prometi\u00f3 presentar una solicitud a la Comisi\u00f3n.","robots":{"index":"index","follow":"follow","max-snippet":"max-snippet:-1","max-image-preview":"max-image-preview:large","max-video-preview":"max-video-preview:-1"},"canonical":"https:\/\/www.lt-gasetechnik.de\/es\/2024\/08\/06\/lt-gasetechnik-muestra-al-eurodiputado-los-obstaculos-practicos-a-la-directiva-sobre-el-desplazamiento-de-trabajadores\/","og_locale":"es_ES","og_type":"article","og_title":"LT GASETECHNIK muestra los obst\u00e1culos pr\u00e1cticos a la Directiva sobre el desplazamiento de trabajadores","og_description":"LT GASETECHNIK muestra al eurodiputado los obst\u00e1culos pr\u00e1cticos a la Directiva sobre el desplazamiento de trabajadores. El Sr. Radtke prometi\u00f3 presentar una solicitud a la Comisi\u00f3n.","og_url":"https:\/\/www.lt-gasetechnik.de\/es\/2024\/08\/06\/lt-gasetechnik-muestra-al-eurodiputado-los-obstaculos-practicos-a-la-directiva-sobre-el-desplazamiento-de-trabajadores\/","og_site_name":"LT GASETECHNIK","article_published_time":"2024-08-06T10:29:56+00:00","author":"Alexander Hanf","twitter_card":"summary_large_image","twitter_misc":{"Escrito por":"Alexander Hanf","Tiempo de lectura":"1 minuto"},"schema":{"@context":"https:\/\/schema.org","@graph":[{"@type":"Article","@id":"https:\/\/www.lt-gasetechnik.de\/es\/2024\/08\/06\/lt-gasetechnik-muestra-al-eurodiputado-los-obstaculos-practicos-a-la-directiva-sobre-el-desplazamiento-de-trabajadores\/#article","isPartOf":{"@id":"https:\/\/www.lt-gasetechnik.de\/es\/2024\/08\/06\/lt-gasetechnik-muestra-al-eurodiputado-los-obstaculos-practicos-a-la-directiva-sobre-el-desplazamiento-de-trabajadores\/"},"author":{"name":"Alexander Hanf","@id":"https:\/\/www.lt-gasetechnik.de\/es\/#\/schema\/person\/d9db0cad8ac27bf62f95b66b4b8fbfd4"},"headline":"LT GASETECHNIK muestra al eurodiputado los obst\u00e1culos pr\u00e1cticos a la Directiva sobre el desplazamiento de trabajadores","datePublished":"2024-08-06T10:29:56+00:00","mainEntityOfPage":{"@id":"https:\/\/www.lt-gasetechnik.de\/es\/2024\/08\/06\/lt-gasetechnik-muestra-al-eurodiputado-los-obstaculos-practicos-a-la-directiva-sobre-el-desplazamiento-de-trabajadores\/"},"wordCount":235,"publisher":{"@id":"https:\/\/www.lt-gasetechnik.de\/es\/#organization"},"articleSection":["Sin categorizar"],"inLanguage":"es"},{"@type":"WebPage","@id":"https:\/\/www.lt-gasetechnik.de\/es\/2024\/08\/06\/lt-gasetechnik-muestra-al-eurodiputado-los-obstaculos-practicos-a-la-directiva-sobre-el-desplazamiento-de-trabajadores\/","url":"https:\/\/www.lt-gasetechnik.de\/es\/2024\/08\/06\/lt-gasetechnik-muestra-al-eurodiputado-los-obstaculos-practicos-a-la-directiva-sobre-el-desplazamiento-de-trabajadores\/","name":"LT GASETECHNIK muestra los obst\u00e1culos pr\u00e1cticos a la Directiva sobre el desplazamiento de trabajadores","isPartOf":{"@id":"https:\/\/www.lt-gasetechnik.de\/es\/#website"},"datePublished":"2024-08-06T10:29:56+00:00","description":"LT GASETECHNIK muestra al eurodiputado los obst\u00e1culos pr\u00e1cticos a la Directiva sobre el desplazamiento de trabajadores. El Sr. Radtke prometi\u00f3 presentar una solicitud a la Comisi\u00f3n.","breadcrumb":{"@id":"https:\/\/www.lt-gasetechnik.de\/es\/2024\/08\/06\/lt-gasetechnik-muestra-al-eurodiputado-los-obstaculos-practicos-a-la-directiva-sobre-el-desplazamiento-de-trabajadores\/#breadcrumb"},"inLanguage":"es","potentialAction":[{"@type":"ReadAction","target":["https:\/\/www.lt-gasetechnik.de\/es\/2024\/08\/06\/lt-gasetechnik-muestra-al-eurodiputado-los-obstaculos-practicos-a-la-directiva-sobre-el-desplazamiento-de-trabajadores\/"]}]},{"@type":"BreadcrumbList","@id":"https:\/\/www.lt-gasetechnik.de\/es\/2024\/08\/06\/lt-gasetechnik-muestra-al-eurodiputado-los-obstaculos-practicos-a-la-directiva-sobre-el-desplazamiento-de-trabajadores\/#breadcrumb","itemListElement":[{"@type":"ListItem","position":1,"name":"Startseite","item":"https:\/\/www.lt-gasetechnik.de\/es\/"},{"@type":"ListItem","position":2,"name":"LT GASETECHNIK muestra al eurodiputado los obst\u00e1culos pr\u00e1cticos a la Directiva sobre el desplazamiento de trabajadores"}]},{"@type":"WebSite","@id":"https:\/\/www.lt-gasetechnik.de\/es\/#website","url":"https:\/\/www.lt-gasetechnik.de\/es\/","name":"LT GASETECHNIK","description":"beyond standards","publisher":{"@id":"https:\/\/www.lt-gasetechnik.de\/es\/#organization"},"potentialAction":[{"@type":"SearchAction","target":{"@type":"EntryPoint","urlTemplate":"https:\/\/www.lt-gasetechnik.de\/es\/?s={search_term_string}"},"query-input":{"@type":"PropertyValueSpecification","valueRequired":true,"valueName":"search_term_string"}}],"inLanguage":"es"},{"@type":"Organization","@id":"https:\/\/www.lt-gasetechnik.de\/es\/#organization","name":"LT GASETECHNIK","url":"https:\/\/www.lt-gasetechnik.de\/es\/","logo":{"@type":"ImageObject","inLanguage":"es","@id":"https:\/\/www.lt-gasetechnik.de\/es\/#\/schema\/logo\/image\/","url":"https:\/\/www.lt-gasetechnik.de\/wp-content\/uploads\/2020\/06\/lt-gasetechnik-logo-60x330-1.jpg","contentUrl":"https:\/\/www.lt-gasetechnik.de\/wp-content\/uploads\/2020\/06\/lt-gasetechnik-logo-60x330-1.jpg","width":330,"height":60,"caption":"LT GASETECHNIK"},"image":{"@id":"https:\/\/www.lt-gasetechnik.de\/es\/#\/schema\/logo\/image\/"}},{"@type":"Person","@id":"https:\/\/www.lt-gasetechnik.de\/es\/#\/schema\/person\/d9db0cad8ac27bf62f95b66b4b8fbfd4","name":"Alexander Hanf","image":{"@type":"ImageObject","inLanguage":"es","@id":"https:\/\/secure.gravatar.com\/avatar\/db2b524fb591574d36b6f1c5af0218f7a6af4a228530c02a586d1be61f1d05c4?s=96&d=mm&r=g","url":"https:\/\/secure.gravatar.com\/avatar\/db2b524fb591574d36b6f1c5af0218f7a6af4a228530c02a586d1be61f1d05c4?s=96&d=mm&r=g","contentUrl":"https:\/\/secure.gravatar.com\/avatar\/db2b524fb591574d36b6f1c5af0218f7a6af4a228530c02a586d1be61f1d05c4?s=96&d=mm&r=g","caption":"Alexander Hanf"},"sameAs":["https:\/\/www.lt-gasetechnik.de"],"url":"https:\/\/www.lt-gasetechnik.de\/es\/author\/alexander-c-hanf\/"}]}},"_links":{"self":[{"href":"https:\/\/www.lt-gasetechnik.de\/es\/wp-json\/wp\/v2\/posts\/30744","targetHints":{"allow":["GET"]}}],"collection":[{"href":"https:\/\/www.lt-gasetechnik.de\/es\/wp-json\/wp\/v2\/posts"}],"about":[{"href":"https:\/\/www.lt-gasetechnik.de\/es\/wp-json\/wp\/v2\/types\/post"}],"author":[{"embeddable":true,"href":"https:\/\/www.lt-gasetechnik.de\/es\/wp-json\/wp\/v2\/users\/5"}],"replies":[{"embeddable":true,"href":"https:\/\/www.lt-gasetechnik.de\/es\/wp-json\/wp\/v2\/comments?post=30744"}],"version-history":[{"count":0,"href":"https:\/\/www.lt-gasetechnik.de\/es\/wp-json\/wp\/v2\/posts\/30744\/revisions"}],"wp:attachment":[{"href":"https:\/\/www.lt-gasetechnik.de\/es\/wp-json\/wp\/v2\/media?parent=30744"}],"wp:term":[{"taxonomy":"category","embeddable":true,"href":"https:\/\/www.lt-gasetechnik.de\/es\/wp-json\/wp\/v2\/categories?post=30744"},{"taxonomy":"post_tag","embeddable":true,"href":"https:\/\/www.lt-gasetechnik.de\/es\/wp-json\/wp\/v2\/tags?post=30744"}],"curies":[{"name":"wp","href":"https:\/\/api.w.org\/{rel}","templated":true}]}}