{"id":30758,"date":"2024-08-06T12:33:09","date_gmt":"2024-08-06T10:33:09","guid":{"rendered":"https:\/\/www.lt-gasetechnik.de\/2024\/08\/06\/reunion-de-directores-generales-del-grupo-weyer-en-lt-gasetechnik\/"},"modified":"2024-08-06T12:33:09","modified_gmt":"2024-08-06T10:33:09","slug":"reunion-de-directores-generales-del-grupo-weyer-en-lt-gasetechnik","status":"publish","type":"post","link":"https:\/\/www.lt-gasetechnik.de\/es\/2024\/08\/06\/reunion-de-directores-generales-del-grupo-weyer-en-lt-gasetechnik\/","title":{"rendered":"Reuni\u00f3n de directores generales del grupo weyer en LT GASETECHNIK"},"content":{"rendered":"<h1><\/h1>\n<p>  Los directores generales del <a href=\"https:\/\/www.weyer-gruppe.com\/\">grupo weyer<\/a>, que actualmente son 11, se re\u00fanen cada seis meses para coordinar temas transversales, intercambiar noticias y mantener la cooperaci\u00f3n a nivel personal.  <img decoding=\"async\" class=\"size-full wp-image-3196 alignright\" src=\"https:\/\/www.lt-gasetechnik.de\/wp-content\/uploads\/2016\/05\/geschaeftsfuehrer-treffen-2.jpg\" alt=\"\" width=\"300\" height=\"225\"><img decoding=\"async\" class=\"size-full wp-image-3194 alignright\" src=\"https:\/\/www.lt-gasetechnik.de\/wp-content\/uploads\/2016\/05\/geschaeftsfuehrer-treffen.jpg\" alt=\"\" width=\"300\" height=\"225\">  La reuni\u00f3n tuvo lugar por primera vez en LT GASETECHNIK, en Dortmund. LT GASETECHNIK aprovech\u00f3 la ocasi\u00f3n para mostrar a los directores generales los productos y soluciones de LT en sus distintas fases de realizaci\u00f3n durante una visita a la empresa. Todos los participantes elogiaron la buena organizaci\u00f3n y el ambiente agradable. La pr\u00f3xima reuni\u00f3n est\u00e1 prevista para principios de noviembre en  <a href=\"https:\/\/weyer-gruppe.com\/polen\/weyer-polska\/\">Weyer Polska Sp. z o.o<\/a>  previsto en Pulawy.<\/p>\n","protected":false},"excerpt":{"rendered":"<p>Los directores generales del grupo weyer, que actualmente son 11, se re\u00fanen cada seis meses para coordinar temas transversales, intercambiar noticias y mantener la cooperaci\u00f3n a nivel personal. La reuni\u00f3n tuvo lugar por primera vez en LT GASETECHNIK, en Dortmund. LT GASETECHNIK aprovech\u00f3 la ocasi\u00f3n para mostrar a los directores generales los productos y soluciones [&hellip;]<\/p>\n","protected":false},"author":5,"featured_media":0,"comment_status":"closed","ping_status":"open","sticky":false,"template":"","format":"standard","meta":{"footnotes":""},"categories":[255],"tags":[],"class_list":["post-30758","post","type-post","status-publish","format-standard","hentry","category-sin-categorizar"],"yoast_head":"<!-- This site is optimized with the Yoast SEO plugin v27.5 - https:\/\/yoast.com\/product\/yoast-seo-wordpress\/ -->\n<title>Reuni\u00f3n de directores generales del grupo weyer en LT GASETECHNIK<\/title>\n<meta name=\"description\" content=\"Reuni\u00f3n de directores generales del grupo weyer. La reuni\u00f3n tuvo lugar por primera vez en LT GASETECHNIK, en Dortmund.\" \/>\n<meta name=\"robots\" content=\"index, follow, max-snippet:-1, max-image-preview:large, max-video-preview:-1\" \/>\n<link rel=\"canonical\" href=\"https:\/\/www.lt-gasetechnik.de\/es\/2024\/08\/06\/reunion-de-directores-generales-del-grupo-weyer-en-lt-gasetechnik\/\" \/>\n<meta property=\"og:locale\" content=\"es_ES\" \/>\n<meta property=\"og:type\" content=\"article\" \/>\n<meta property=\"og:title\" content=\"Reuni\u00f3n de directores generales del grupo weyer en LT GASETECHNIK\" \/>\n<meta property=\"og:description\" content=\"Reuni\u00f3n de directores generales del grupo weyer. La reuni\u00f3n tuvo lugar por primera vez en LT GASETECHNIK, en Dortmund.\" \/>\n<meta property=\"og:url\" content=\"https:\/\/www.lt-gasetechnik.de\/es\/2024\/08\/06\/reunion-de-directores-generales-del-grupo-weyer-en-lt-gasetechnik\/\" \/>\n<meta property=\"og:site_name\" content=\"LT GASETECHNIK\" \/>\n<meta property=\"article:published_time\" content=\"2024-08-06T10:33:09+00:00\" \/>\n<meta property=\"og:image\" content=\"https:\/\/www.lt-gasetechnik.de\/wp-content\/uploads\/2016\/05\/geschaeftsfuehrer-treffen-2.jpg\" \/>\n<meta name=\"author\" content=\"Alexander Hanf\" \/>\n<meta name=\"twitter:card\" content=\"summary_large_image\" \/>\n<meta name=\"twitter:label1\" content=\"Escrito por\" \/>\n\t<meta name=\"twitter:data1\" content=\"Alexander Hanf\" \/>\n\t<meta name=\"twitter:label2\" content=\"Tiempo de lectura\" \/>\n\t<meta name=\"twitter:data2\" content=\"1 minuto\" \/>\n<script type=\"application\/ld+json\" class=\"yoast-schema-graph\">{\"@context\":\"https:\\\/\\\/schema.org\",\"@graph\":[{\"@type\":\"Article\",\"@id\":\"https:\\\/\\\/www.lt-gasetechnik.de\\\/es\\\/2024\\\/08\\\/06\\\/reunion-de-directores-generales-del-grupo-weyer-en-lt-gasetechnik\\\/#article\",\"isPartOf\":{\"@id\":\"https:\\\/\\\/www.lt-gasetechnik.de\\\/es\\\/2024\\\/08\\\/06\\\/reunion-de-directores-generales-del-grupo-weyer-en-lt-gasetechnik\\\/\"},\"author\":{\"name\":\"Alexander Hanf\",\"@id\":\"https:\\\/\\\/www.lt-gasetechnik.de\\\/es\\\/#\\\/schema\\\/person\\\/d9db0cad8ac27bf62f95b66b4b8fbfd4\"},\"headline\":\"Reuni\u00f3n de directores generales del grupo weyer en LT GASETECHNIK\",\"datePublished\":\"2024-08-06T10:33:09+00:00\",\"mainEntityOfPage\":{\"@id\":\"https:\\\/\\\/www.lt-gasetechnik.de\\\/es\\\/2024\\\/08\\\/06\\\/reunion-de-directores-generales-del-grupo-weyer-en-lt-gasetechnik\\\/\"},\"wordCount\":117,\"publisher\":{\"@id\":\"https:\\\/\\\/www.lt-gasetechnik.de\\\/es\\\/#organization\"},\"image\":{\"@id\":\"https:\\\/\\\/www.lt-gasetechnik.de\\\/es\\\/2024\\\/08\\\/06\\\/reunion-de-directores-generales-del-grupo-weyer-en-lt-gasetechnik\\\/#primaryimage\"},\"thumbnailUrl\":\"https:\\\/\\\/www.lt-gasetechnik.de\\\/wp-content\\\/uploads\\\/2016\\\/05\\\/geschaeftsfuehrer-treffen-2.jpg\",\"articleSection\":[\"Sin categorizar\"],\"inLanguage\":\"es\"},{\"@type\":\"WebPage\",\"@id\":\"https:\\\/\\\/www.lt-gasetechnik.de\\\/es\\\/2024\\\/08\\\/06\\\/reunion-de-directores-generales-del-grupo-weyer-en-lt-gasetechnik\\\/\",\"url\":\"https:\\\/\\\/www.lt-gasetechnik.de\\\/es\\\/2024\\\/08\\\/06\\\/reunion-de-directores-generales-del-grupo-weyer-en-lt-gasetechnik\\\/\",\"name\":\"Reuni\u00f3n de directores generales del grupo weyer en LT GASETECHNIK\",\"isPartOf\":{\"@id\":\"https:\\\/\\\/www.lt-gasetechnik.de\\\/es\\\/#website\"},\"primaryImageOfPage\":{\"@id\":\"https:\\\/\\\/www.lt-gasetechnik.de\\\/es\\\/2024\\\/08\\\/06\\\/reunion-de-directores-generales-del-grupo-weyer-en-lt-gasetechnik\\\/#primaryimage\"},\"image\":{\"@id\":\"https:\\\/\\\/www.lt-gasetechnik.de\\\/es\\\/2024\\\/08\\\/06\\\/reunion-de-directores-generales-del-grupo-weyer-en-lt-gasetechnik\\\/#primaryimage\"},\"thumbnailUrl\":\"https:\\\/\\\/www.lt-gasetechnik.de\\\/wp-content\\\/uploads\\\/2016\\\/05\\\/geschaeftsfuehrer-treffen-2.jpg\",\"datePublished\":\"2024-08-06T10:33:09+00:00\",\"description\":\"Reuni\u00f3n de directores generales del grupo weyer. La reuni\u00f3n tuvo lugar por primera vez en LT GASETECHNIK, en Dortmund.\",\"breadcrumb\":{\"@id\":\"https:\\\/\\\/www.lt-gasetechnik.de\\\/es\\\/2024\\\/08\\\/06\\\/reunion-de-directores-generales-del-grupo-weyer-en-lt-gasetechnik\\\/#breadcrumb\"},\"inLanguage\":\"es\",\"potentialAction\":[{\"@type\":\"ReadAction\",\"target\":[\"https:\\\/\\\/www.lt-gasetechnik.de\\\/es\\\/2024\\\/08\\\/06\\\/reunion-de-directores-generales-del-grupo-weyer-en-lt-gasetechnik\\\/\"]}]},{\"@type\":\"ImageObject\",\"inLanguage\":\"es\",\"@id\":\"https:\\\/\\\/www.lt-gasetechnik.de\\\/es\\\/2024\\\/08\\\/06\\\/reunion-de-directores-generales-del-grupo-weyer-en-lt-gasetechnik\\\/#primaryimage\",\"url\":\"https:\\\/\\\/www.lt-gasetechnik.de\\\/wp-content\\\/uploads\\\/2016\\\/05\\\/geschaeftsfuehrer-treffen-2.jpg\",\"contentUrl\":\"https:\\\/\\\/www.lt-gasetechnik.de\\\/wp-content\\\/uploads\\\/2016\\\/05\\\/geschaeftsfuehrer-treffen-2.jpg\"},{\"@type\":\"BreadcrumbList\",\"@id\":\"https:\\\/\\\/www.lt-gasetechnik.de\\\/es\\\/2024\\\/08\\\/06\\\/reunion-de-directores-generales-del-grupo-weyer-en-lt-gasetechnik\\\/#breadcrumb\",\"itemListElement\":[{\"@type\":\"ListItem\",\"position\":1,\"name\":\"Startseite\",\"item\":\"https:\\\/\\\/www.lt-gasetechnik.de\\\/es\\\/\"},{\"@type\":\"ListItem\",\"position\":2,\"name\":\"Reuni\u00f3n de directores generales del grupo weyer en LT GASETECHNIK\"}]},{\"@type\":\"WebSite\",\"@id\":\"https:\\\/\\\/www.lt-gasetechnik.de\\\/es\\\/#website\",\"url\":\"https:\\\/\\\/www.lt-gasetechnik.de\\\/es\\\/\",\"name\":\"LT GASETECHNIK\",\"description\":\"beyond standards\",\"publisher\":{\"@id\":\"https:\\\/\\\/www.lt-gasetechnik.de\\\/es\\\/#organization\"},\"potentialAction\":[{\"@type\":\"SearchAction\",\"target\":{\"@type\":\"EntryPoint\",\"urlTemplate\":\"https:\\\/\\\/www.lt-gasetechnik.de\\\/es\\\/?s={search_term_string}\"},\"query-input\":{\"@type\":\"PropertyValueSpecification\",\"valueRequired\":true,\"valueName\":\"search_term_string\"}}],\"inLanguage\":\"es\"},{\"@type\":\"Organization\",\"@id\":\"https:\\\/\\\/www.lt-gasetechnik.de\\\/es\\\/#organization\",\"name\":\"LT GASETECHNIK\",\"url\":\"https:\\\/\\\/www.lt-gasetechnik.de\\\/es\\\/\",\"logo\":{\"@type\":\"ImageObject\",\"inLanguage\":\"es\",\"@id\":\"https:\\\/\\\/www.lt-gasetechnik.de\\\/es\\\/#\\\/schema\\\/logo\\\/image\\\/\",\"url\":\"https:\\\/\\\/www.lt-gasetechnik.de\\\/wp-content\\\/uploads\\\/2020\\\/06\\\/lt-gasetechnik-logo-60x330-1.jpg\",\"contentUrl\":\"https:\\\/\\\/www.lt-gasetechnik.de\\\/wp-content\\\/uploads\\\/2020\\\/06\\\/lt-gasetechnik-logo-60x330-1.jpg\",\"width\":330,\"height\":60,\"caption\":\"LT GASETECHNIK\"},\"image\":{\"@id\":\"https:\\\/\\\/www.lt-gasetechnik.de\\\/es\\\/#\\\/schema\\\/logo\\\/image\\\/\"}},{\"@type\":\"Person\",\"@id\":\"https:\\\/\\\/www.lt-gasetechnik.de\\\/es\\\/#\\\/schema\\\/person\\\/d9db0cad8ac27bf62f95b66b4b8fbfd4\",\"name\":\"Alexander Hanf\",\"image\":{\"@type\":\"ImageObject\",\"inLanguage\":\"es\",\"@id\":\"https:\\\/\\\/secure.gravatar.com\\\/avatar\\\/db2b524fb591574d36b6f1c5af0218f7a6af4a228530c02a586d1be61f1d05c4?s=96&d=mm&r=g\",\"url\":\"https:\\\/\\\/secure.gravatar.com\\\/avatar\\\/db2b524fb591574d36b6f1c5af0218f7a6af4a228530c02a586d1be61f1d05c4?s=96&d=mm&r=g\",\"contentUrl\":\"https:\\\/\\\/secure.gravatar.com\\\/avatar\\\/db2b524fb591574d36b6f1c5af0218f7a6af4a228530c02a586d1be61f1d05c4?s=96&d=mm&r=g\",\"caption\":\"Alexander Hanf\"},\"sameAs\":[\"https:\\\/\\\/www.lt-gasetechnik.de\"],\"url\":\"https:\\\/\\\/www.lt-gasetechnik.de\\\/es\\\/author\\\/alexander-c-hanf\\\/\"}]}<\/script>\n<!-- \/ Yoast SEO plugin. -->","yoast_head_json":{"title":"Reuni\u00f3n de directores generales del grupo weyer en LT GASETECHNIK","description":"Reuni\u00f3n de directores generales del grupo weyer. La reuni\u00f3n tuvo lugar por primera vez en LT GASETECHNIK, en Dortmund.","robots":{"index":"index","follow":"follow","max-snippet":"max-snippet:-1","max-image-preview":"max-image-preview:large","max-video-preview":"max-video-preview:-1"},"canonical":"https:\/\/www.lt-gasetechnik.de\/es\/2024\/08\/06\/reunion-de-directores-generales-del-grupo-weyer-en-lt-gasetechnik\/","og_locale":"es_ES","og_type":"article","og_title":"Reuni\u00f3n de directores generales del grupo weyer en LT GASETECHNIK","og_description":"Reuni\u00f3n de directores generales del grupo weyer. La reuni\u00f3n tuvo lugar por primera vez en LT GASETECHNIK, en Dortmund.","og_url":"https:\/\/www.lt-gasetechnik.de\/es\/2024\/08\/06\/reunion-de-directores-generales-del-grupo-weyer-en-lt-gasetechnik\/","og_site_name":"LT GASETECHNIK","article_published_time":"2024-08-06T10:33:09+00:00","og_image":[{"url":"https:\/\/www.lt-gasetechnik.de\/wp-content\/uploads\/2016\/05\/geschaeftsfuehrer-treffen-2.jpg","type":"","width":"","height":""}],"author":"Alexander Hanf","twitter_card":"summary_large_image","twitter_misc":{"Escrito por":"Alexander Hanf","Tiempo de lectura":"1 minuto"},"schema":{"@context":"https:\/\/schema.org","@graph":[{"@type":"Article","@id":"https:\/\/www.lt-gasetechnik.de\/es\/2024\/08\/06\/reunion-de-directores-generales-del-grupo-weyer-en-lt-gasetechnik\/#article","isPartOf":{"@id":"https:\/\/www.lt-gasetechnik.de\/es\/2024\/08\/06\/reunion-de-directores-generales-del-grupo-weyer-en-lt-gasetechnik\/"},"author":{"name":"Alexander Hanf","@id":"https:\/\/www.lt-gasetechnik.de\/es\/#\/schema\/person\/d9db0cad8ac27bf62f95b66b4b8fbfd4"},"headline":"Reuni\u00f3n de directores generales del grupo weyer en LT GASETECHNIK","datePublished":"2024-08-06T10:33:09+00:00","mainEntityOfPage":{"@id":"https:\/\/www.lt-gasetechnik.de\/es\/2024\/08\/06\/reunion-de-directores-generales-del-grupo-weyer-en-lt-gasetechnik\/"},"wordCount":117,"publisher":{"@id":"https:\/\/www.lt-gasetechnik.de\/es\/#organization"},"image":{"@id":"https:\/\/www.lt-gasetechnik.de\/es\/2024\/08\/06\/reunion-de-directores-generales-del-grupo-weyer-en-lt-gasetechnik\/#primaryimage"},"thumbnailUrl":"https:\/\/www.lt-gasetechnik.de\/wp-content\/uploads\/2016\/05\/geschaeftsfuehrer-treffen-2.jpg","articleSection":["Sin categorizar"],"inLanguage":"es"},{"@type":"WebPage","@id":"https:\/\/www.lt-gasetechnik.de\/es\/2024\/08\/06\/reunion-de-directores-generales-del-grupo-weyer-en-lt-gasetechnik\/","url":"https:\/\/www.lt-gasetechnik.de\/es\/2024\/08\/06\/reunion-de-directores-generales-del-grupo-weyer-en-lt-gasetechnik\/","name":"Reuni\u00f3n de directores generales del grupo weyer en LT GASETECHNIK","isPartOf":{"@id":"https:\/\/www.lt-gasetechnik.de\/es\/#website"},"primaryImageOfPage":{"@id":"https:\/\/www.lt-gasetechnik.de\/es\/2024\/08\/06\/reunion-de-directores-generales-del-grupo-weyer-en-lt-gasetechnik\/#primaryimage"},"image":{"@id":"https:\/\/www.lt-gasetechnik.de\/es\/2024\/08\/06\/reunion-de-directores-generales-del-grupo-weyer-en-lt-gasetechnik\/#primaryimage"},"thumbnailUrl":"https:\/\/www.lt-gasetechnik.de\/wp-content\/uploads\/2016\/05\/geschaeftsfuehrer-treffen-2.jpg","datePublished":"2024-08-06T10:33:09+00:00","description":"Reuni\u00f3n de directores generales del grupo weyer. La reuni\u00f3n tuvo lugar por primera vez en LT GASETECHNIK, en Dortmund.","breadcrumb":{"@id":"https:\/\/www.lt-gasetechnik.de\/es\/2024\/08\/06\/reunion-de-directores-generales-del-grupo-weyer-en-lt-gasetechnik\/#breadcrumb"},"inLanguage":"es","potentialAction":[{"@type":"ReadAction","target":["https:\/\/www.lt-gasetechnik.de\/es\/2024\/08\/06\/reunion-de-directores-generales-del-grupo-weyer-en-lt-gasetechnik\/"]}]},{"@type":"ImageObject","inLanguage":"es","@id":"https:\/\/www.lt-gasetechnik.de\/es\/2024\/08\/06\/reunion-de-directores-generales-del-grupo-weyer-en-lt-gasetechnik\/#primaryimage","url":"https:\/\/www.lt-gasetechnik.de\/wp-content\/uploads\/2016\/05\/geschaeftsfuehrer-treffen-2.jpg","contentUrl":"https:\/\/www.lt-gasetechnik.de\/wp-content\/uploads\/2016\/05\/geschaeftsfuehrer-treffen-2.jpg"},{"@type":"BreadcrumbList","@id":"https:\/\/www.lt-gasetechnik.de\/es\/2024\/08\/06\/reunion-de-directores-generales-del-grupo-weyer-en-lt-gasetechnik\/#breadcrumb","itemListElement":[{"@type":"ListItem","position":1,"name":"Startseite","item":"https:\/\/www.lt-gasetechnik.de\/es\/"},{"@type":"ListItem","position":2,"name":"Reuni\u00f3n de directores generales del grupo weyer en LT GASETECHNIK"}]},{"@type":"WebSite","@id":"https:\/\/www.lt-gasetechnik.de\/es\/#website","url":"https:\/\/www.lt-gasetechnik.de\/es\/","name":"LT GASETECHNIK","description":"beyond standards","publisher":{"@id":"https:\/\/www.lt-gasetechnik.de\/es\/#organization"},"potentialAction":[{"@type":"SearchAction","target":{"@type":"EntryPoint","urlTemplate":"https:\/\/www.lt-gasetechnik.de\/es\/?s={search_term_string}"},"query-input":{"@type":"PropertyValueSpecification","valueRequired":true,"valueName":"search_term_string"}}],"inLanguage":"es"},{"@type":"Organization","@id":"https:\/\/www.lt-gasetechnik.de\/es\/#organization","name":"LT GASETECHNIK","url":"https:\/\/www.lt-gasetechnik.de\/es\/","logo":{"@type":"ImageObject","inLanguage":"es","@id":"https:\/\/www.lt-gasetechnik.de\/es\/#\/schema\/logo\/image\/","url":"https:\/\/www.lt-gasetechnik.de\/wp-content\/uploads\/2020\/06\/lt-gasetechnik-logo-60x330-1.jpg","contentUrl":"https:\/\/www.lt-gasetechnik.de\/wp-content\/uploads\/2020\/06\/lt-gasetechnik-logo-60x330-1.jpg","width":330,"height":60,"caption":"LT GASETECHNIK"},"image":{"@id":"https:\/\/www.lt-gasetechnik.de\/es\/#\/schema\/logo\/image\/"}},{"@type":"Person","@id":"https:\/\/www.lt-gasetechnik.de\/es\/#\/schema\/person\/d9db0cad8ac27bf62f95b66b4b8fbfd4","name":"Alexander Hanf","image":{"@type":"ImageObject","inLanguage":"es","@id":"https:\/\/secure.gravatar.com\/avatar\/db2b524fb591574d36b6f1c5af0218f7a6af4a228530c02a586d1be61f1d05c4?s=96&d=mm&r=g","url":"https:\/\/secure.gravatar.com\/avatar\/db2b524fb591574d36b6f1c5af0218f7a6af4a228530c02a586d1be61f1d05c4?s=96&d=mm&r=g","contentUrl":"https:\/\/secure.gravatar.com\/avatar\/db2b524fb591574d36b6f1c5af0218f7a6af4a228530c02a586d1be61f1d05c4?s=96&d=mm&r=g","caption":"Alexander Hanf"},"sameAs":["https:\/\/www.lt-gasetechnik.de"],"url":"https:\/\/www.lt-gasetechnik.de\/es\/author\/alexander-c-hanf\/"}]}},"_links":{"self":[{"href":"https:\/\/www.lt-gasetechnik.de\/es\/wp-json\/wp\/v2\/posts\/30758","targetHints":{"allow":["GET"]}}],"collection":[{"href":"https:\/\/www.lt-gasetechnik.de\/es\/wp-json\/wp\/v2\/posts"}],"about":[{"href":"https:\/\/www.lt-gasetechnik.de\/es\/wp-json\/wp\/v2\/types\/post"}],"author":[{"embeddable":true,"href":"https:\/\/www.lt-gasetechnik.de\/es\/wp-json\/wp\/v2\/users\/5"}],"replies":[{"embeddable":true,"href":"https:\/\/www.lt-gasetechnik.de\/es\/wp-json\/wp\/v2\/comments?post=30758"}],"version-history":[{"count":0,"href":"https:\/\/www.lt-gasetechnik.de\/es\/wp-json\/wp\/v2\/posts\/30758\/revisions"}],"wp:attachment":[{"href":"https:\/\/www.lt-gasetechnik.de\/es\/wp-json\/wp\/v2\/media?parent=30758"}],"wp:term":[{"taxonomy":"category","embeddable":true,"href":"https:\/\/www.lt-gasetechnik.de\/es\/wp-json\/wp\/v2\/categories?post=30758"},{"taxonomy":"post_tag","embeddable":true,"href":"https:\/\/www.lt-gasetechnik.de\/es\/wp-json\/wp\/v2\/tags?post=30758"}],"curies":[{"name":"wp","href":"https:\/\/api.w.org\/{rel}","templated":true}]}}