{"id":30710,"date":"2024-08-06T11:58:51","date_gmt":"2024-08-06T09:58:51","guid":{"rendered":"https:\/\/www.lt-gasetechnik.de\/2024\/08\/06\/conference-a-la-vilf-association-des-ingenieurs-en-peintures-et-vernis\/"},"modified":"2024-08-06T11:58:51","modified_gmt":"2024-08-06T09:58:51","slug":"conference-a-la-vilf-association-des-ingenieurs-en-peintures-et-vernis","status":"publish","type":"post","link":"https:\/\/www.lt-gasetechnik.de\/fr\/2024\/08\/06\/conference-a-la-vilf-association-des-ingenieurs-en-peintures-et-vernis\/","title":{"rendered":"Conf\u00e9rence \u00e0 la VILF (Association des ing\u00e9nieurs en peintures et vernis)"},"content":{"rendered":"&#13;\n<p>Avec environ 600 personnes et plus de 100 entreprises membres du secteur des peintures et des vernis, <a href=\"https:\/\/vilf.de\/veranstaltungen\/\" target=\"_blank\" rel=\"noreferrer noopener\">VILF (Association des ing\u00e9nieurs du secteur des peintures et des vernis)<\/a> est la plate-forme d&rsquo;\u00e9change professionnel, de r\u00e9seautage et de formation continue.<\/p>&#13;\n&#13;\n<p>L&rsquo;\u00e9quipe VILF comprend 9 membres du conseil d&rsquo;administration et 13 responsables de groupes de district.\nIls sont tous b\u00e9n\u00e9voles et organisent par exemple des conf\u00e9rences et des \u00e9v\u00e9nements de r\u00e9seautage. <\/p>&#13;\n&#13;\n<p>Ainsi, Kai Heupel et le Dr Uwe Wienhold, chef de groupe du groupe r\u00e9gional de Magdebourg de VILF, ont organis\u00e9 un \u00e9v\u00e9nement avec la participation de LT GASETECHNIK.<\/p>&#13;\n&#13;\n<p><strong>1er th\u00e8me :<\/strong> \u00ab\u00a0Air pauvre s\u00fbr pour les r\u00e9sines synth\u00e9tiques &#8211; Diff\u00e9rentes options pour l&rsquo;appauvrissement surveill\u00e9 de l&rsquo;air de process\u00a0\u00bb, conf\u00e9rencier : Alexander C. Hanf (LT GASETECHNIK)<\/p>&#13;\n&#13;\n<p><strong>Th\u00e8me 2 :<\/strong> \u00ab\u00a0Complexit\u00e9 r\u00e9duite et performances am\u00e9lior\u00e9es dans les formulations aqueuses \u00e0 l&rsquo;aide d&rsquo;exemples de dispersions automatifiantes et de fonctionnalit\u00e9s cationiques sans probl\u00e8mes de compatibilit\u00e9\u00a0\u00bb, conf\u00e9rencier : Dr Fabian Gyger (Zschimmer &amp; Schwarz GmbH &amp; Co. KG)<\/p>&#13;\n&#13;\n<p>Nous avons le plaisir de mettre \u00e0 votre disposition notre pr\u00e9sentation lors du VILF.  <a href=\"https:\/\/www.lt-gasetechnik.de\/wp-content\/uploads\/2022\/10\/LTG-Sichere-Magerluft-fuer-Kunstharze-VILF-MDP-2022-10-06.pdf\" target=\"_blank\" rel=\"noreferrer noopener\"><\/a><a href=\"https:\/\/www.lt-gasetechnik.de\/wp-content\/uploads\/2022\/10\/LTG-Sichere-Magerluft-fuer-Kunstharze-VILF-MDP-2022-10-06.pdf\">T\u00e9l\u00e9charger ici.<\/a><\/p>&#13;\n&#13;\n<p>Vous trouverez les \u00e9v\u00e9nements actuels sur notre profil LinkedIn.  <a href=\"https:\/\/www.linkedin.com\/company\/lt-gasetechnik\/\" target=\"_blank\" rel=\"noreferrer noopener\"><\/a><a href=\"https:\/\/www.linkedin.com\/company\/lt-gasetechnik\/\">Cliquez ici pour acc\u00e9der au profil LinkedIn de LT GASETECHNIK.<\/a><\/p>&#13;\n","protected":false},"excerpt":{"rendered":"<p>&#13; Avec environ 600 personnes et plus de 100 entreprises membres du secteur des peintures et des vernis, VILF (Association des ing\u00e9nieurs du secteur des peintures et des vernis) est la plate-forme d&rsquo;\u00e9change professionnel, de r\u00e9seautage et de formation continue. &#13; &#13; L&rsquo;\u00e9quipe VILF comprend 9 membres du conseil d&rsquo;administration et 13 responsables de groupes [&hellip;]<\/p>\n","protected":false},"author":5,"featured_media":22762,"comment_status":"open","ping_status":"open","sticky":false,"template":"","format":"standard","meta":{"footnotes":""},"categories":[288,340],"tags":[],"class_list":["post-30710","post","type-post","status-publish","format-standard","has-post-thumbnail","hentry","category-gasmischer-fr","category-chemie-und-pharmaindustrie-fr"],"yoast_head":"<!-- This site is optimized with the Yoast SEO plugin v27.4 - https:\/\/yoast.com\/product\/yoast-seo-wordpress\/ -->\n<title>VILF &amp; LT GASETECHNIK : conf\u00e9rence &quot;Air pauvre pour les r\u00e9sines synth\u00e9tiques&quot;.<\/title>\n<meta name=\"description\" content=\"LT GASETECHNIK a donn\u00e9 une conf\u00e9rence intitul\u00e9e &quot;Sichere Magerluft f\u00fcr Kunstharze&quot; (Air pauvre s\u00fbr pour les r\u00e9sines) lors d&#039;un \u00e9v\u00e9nement organis\u00e9 par VILF : T\u00e9l\u00e9charger la pr\u00e9sentation ici.\" \/>\n<meta name=\"robots\" content=\"index, follow, max-snippet:-1, max-image-preview:large, max-video-preview:-1\" \/>\n<link rel=\"canonical\" href=\"https:\/\/www.lt-gasetechnik.de\/fr\/2024\/08\/06\/conference-a-la-vilf-association-des-ingenieurs-en-peintures-et-vernis\/\" \/>\n<meta property=\"og:locale\" content=\"fr_FR\" \/>\n<meta property=\"og:type\" content=\"article\" \/>\n<meta property=\"og:title\" content=\"VILF &amp; LT GASETECHNIK : conf\u00e9rence &quot;Air pauvre pour les r\u00e9sines synth\u00e9tiques&quot;.\" \/>\n<meta property=\"og:description\" content=\"LT GASETECHNIK a donn\u00e9 une conf\u00e9rence intitul\u00e9e &quot;Sichere Magerluft f\u00fcr Kunstharze&quot; (Air pauvre s\u00fbr pour les r\u00e9sines) lors d&#039;un \u00e9v\u00e9nement organis\u00e9 par VILF : T\u00e9l\u00e9charger la pr\u00e9sentation ici.\" \/>\n<meta property=\"og:url\" content=\"https:\/\/www.lt-gasetechnik.de\/fr\/2024\/08\/06\/conference-a-la-vilf-association-des-ingenieurs-en-peintures-et-vernis\/\" \/>\n<meta property=\"og:site_name\" content=\"LT GASETECHNIK\" \/>\n<meta property=\"article:published_time\" content=\"2024-08-06T09:58:51+00:00\" \/>\n<meta property=\"og:image\" content=\"https:\/\/www.lt-gasetechnik.de\/wp-content\/uploads\/2022\/10\/vortrag-vilf.jpeg\" \/>\n\t<meta property=\"og:image:width\" content=\"787\" \/>\n\t<meta property=\"og:image:height\" content=\"494\" \/>\n\t<meta property=\"og:image:type\" content=\"image\/jpeg\" \/>\n<meta name=\"author\" content=\"Alexander Hanf\" \/>\n<meta name=\"twitter:card\" content=\"summary_large_image\" \/>\n<meta name=\"twitter:label1\" content=\"\u00c9crit par\" \/>\n\t<meta name=\"twitter:data1\" content=\"Alexander Hanf\" \/>\n\t<meta name=\"twitter:label2\" content=\"Dur\u00e9e de lecture estim\u00e9e\" \/>\n\t<meta name=\"twitter:data2\" content=\"1 minute\" \/>\n<script type=\"application\/ld+json\" class=\"yoast-schema-graph\">{\"@context\":\"https:\\\/\\\/schema.org\",\"@graph\":[{\"@type\":\"Article\",\"@id\":\"https:\\\/\\\/www.lt-gasetechnik.de\\\/fr\\\/2024\\\/08\\\/06\\\/conference-a-la-vilf-association-des-ingenieurs-en-peintures-et-vernis\\\/#article\",\"isPartOf\":{\"@id\":\"https:\\\/\\\/www.lt-gasetechnik.de\\\/fr\\\/2024\\\/08\\\/06\\\/conference-a-la-vilf-association-des-ingenieurs-en-peintures-et-vernis\\\/\"},\"author\":{\"name\":\"Alexander Hanf\",\"@id\":\"https:\\\/\\\/www.lt-gasetechnik.de\\\/fr\\\/#\\\/schema\\\/person\\\/d9db0cad8ac27bf62f95b66b4b8fbfd4\"},\"headline\":\"Conf\u00e9rence \u00e0 la VILF (Association des ing\u00e9nieurs en peintures et vernis)\",\"datePublished\":\"2024-08-06T09:58:51+00:00\",\"mainEntityOfPage\":{\"@id\":\"https:\\\/\\\/www.lt-gasetechnik.de\\\/fr\\\/2024\\\/08\\\/06\\\/conference-a-la-vilf-association-des-ingenieurs-en-peintures-et-vernis\\\/\"},\"wordCount\":232,\"commentCount\":0,\"publisher\":{\"@id\":\"https:\\\/\\\/www.lt-gasetechnik.de\\\/fr\\\/#organization\"},\"image\":{\"@id\":\"https:\\\/\\\/www.lt-gasetechnik.de\\\/fr\\\/2024\\\/08\\\/06\\\/conference-a-la-vilf-association-des-ingenieurs-en-peintures-et-vernis\\\/#primaryimage\"},\"thumbnailUrl\":\"https:\\\/\\\/www.lt-gasetechnik.de\\\/wp-content\\\/uploads\\\/2022\\\/10\\\/vortrag-vilf.jpeg\",\"articleSection\":[\"m\u00e9langeur de gaz\",\"Secteurs de la chimie et de la pharmacie\"],\"inLanguage\":\"fr-FR\",\"potentialAction\":[{\"@type\":\"CommentAction\",\"name\":\"Comment\",\"target\":[\"https:\\\/\\\/www.lt-gasetechnik.de\\\/fr\\\/2024\\\/08\\\/06\\\/conference-a-la-vilf-association-des-ingenieurs-en-peintures-et-vernis\\\/#respond\"]}]},{\"@type\":\"WebPage\",\"@id\":\"https:\\\/\\\/www.lt-gasetechnik.de\\\/fr\\\/2024\\\/08\\\/06\\\/conference-a-la-vilf-association-des-ingenieurs-en-peintures-et-vernis\\\/\",\"url\":\"https:\\\/\\\/www.lt-gasetechnik.de\\\/fr\\\/2024\\\/08\\\/06\\\/conference-a-la-vilf-association-des-ingenieurs-en-peintures-et-vernis\\\/\",\"name\":\"VILF & LT GASETECHNIK : conf\u00e9rence \\\"Air pauvre pour les r\u00e9sines synth\u00e9tiques\\\".\",\"isPartOf\":{\"@id\":\"https:\\\/\\\/www.lt-gasetechnik.de\\\/fr\\\/#website\"},\"primaryImageOfPage\":{\"@id\":\"https:\\\/\\\/www.lt-gasetechnik.de\\\/fr\\\/2024\\\/08\\\/06\\\/conference-a-la-vilf-association-des-ingenieurs-en-peintures-et-vernis\\\/#primaryimage\"},\"image\":{\"@id\":\"https:\\\/\\\/www.lt-gasetechnik.de\\\/fr\\\/2024\\\/08\\\/06\\\/conference-a-la-vilf-association-des-ingenieurs-en-peintures-et-vernis\\\/#primaryimage\"},\"thumbnailUrl\":\"https:\\\/\\\/www.lt-gasetechnik.de\\\/wp-content\\\/uploads\\\/2022\\\/10\\\/vortrag-vilf.jpeg\",\"datePublished\":\"2024-08-06T09:58:51+00:00\",\"description\":\"LT GASETECHNIK a donn\u00e9 une conf\u00e9rence intitul\u00e9e \\\"Sichere Magerluft f\u00fcr Kunstharze\\\" (Air pauvre s\u00fbr pour les r\u00e9sines) lors d'un \u00e9v\u00e9nement organis\u00e9 par VILF : T\u00e9l\u00e9charger la pr\u00e9sentation ici.\",\"breadcrumb\":{\"@id\":\"https:\\\/\\\/www.lt-gasetechnik.de\\\/fr\\\/2024\\\/08\\\/06\\\/conference-a-la-vilf-association-des-ingenieurs-en-peintures-et-vernis\\\/#breadcrumb\"},\"inLanguage\":\"fr-FR\",\"potentialAction\":[{\"@type\":\"ReadAction\",\"target\":[\"https:\\\/\\\/www.lt-gasetechnik.de\\\/fr\\\/2024\\\/08\\\/06\\\/conference-a-la-vilf-association-des-ingenieurs-en-peintures-et-vernis\\\/\"]}]},{\"@type\":\"ImageObject\",\"inLanguage\":\"fr-FR\",\"@id\":\"https:\\\/\\\/www.lt-gasetechnik.de\\\/fr\\\/2024\\\/08\\\/06\\\/conference-a-la-vilf-association-des-ingenieurs-en-peintures-et-vernis\\\/#primaryimage\",\"url\":\"https:\\\/\\\/www.lt-gasetechnik.de\\\/wp-content\\\/uploads\\\/2022\\\/10\\\/vortrag-vilf.jpeg\",\"contentUrl\":\"https:\\\/\\\/www.lt-gasetechnik.de\\\/wp-content\\\/uploads\\\/2022\\\/10\\\/vortrag-vilf.jpeg\",\"width\":787,\"height\":494,\"caption\":\"fabric color samples at a furniture exhibition\"},{\"@type\":\"BreadcrumbList\",\"@id\":\"https:\\\/\\\/www.lt-gasetechnik.de\\\/fr\\\/2024\\\/08\\\/06\\\/conference-a-la-vilf-association-des-ingenieurs-en-peintures-et-vernis\\\/#breadcrumb\",\"itemListElement\":[{\"@type\":\"ListItem\",\"position\":1,\"name\":\"Startseite\",\"item\":\"https:\\\/\\\/www.lt-gasetechnik.de\\\/fr\\\/\"},{\"@type\":\"ListItem\",\"position\":2,\"name\":\"Conf\u00e9rence \u00e0 la VILF (Association des ing\u00e9nieurs en peintures et vernis)\"}]},{\"@type\":\"WebSite\",\"@id\":\"https:\\\/\\\/www.lt-gasetechnik.de\\\/fr\\\/#website\",\"url\":\"https:\\\/\\\/www.lt-gasetechnik.de\\\/fr\\\/\",\"name\":\"LT GASETECHNIK\",\"description\":\"beyond standards\",\"publisher\":{\"@id\":\"https:\\\/\\\/www.lt-gasetechnik.de\\\/fr\\\/#organization\"},\"potentialAction\":[{\"@type\":\"SearchAction\",\"target\":{\"@type\":\"EntryPoint\",\"urlTemplate\":\"https:\\\/\\\/www.lt-gasetechnik.de\\\/fr\\\/?s={search_term_string}\"},\"query-input\":{\"@type\":\"PropertyValueSpecification\",\"valueRequired\":true,\"valueName\":\"search_term_string\"}}],\"inLanguage\":\"fr-FR\"},{\"@type\":\"Organization\",\"@id\":\"https:\\\/\\\/www.lt-gasetechnik.de\\\/fr\\\/#organization\",\"name\":\"LT GASETECHNIK\",\"url\":\"https:\\\/\\\/www.lt-gasetechnik.de\\\/fr\\\/\",\"logo\":{\"@type\":\"ImageObject\",\"inLanguage\":\"fr-FR\",\"@id\":\"https:\\\/\\\/www.lt-gasetechnik.de\\\/fr\\\/#\\\/schema\\\/logo\\\/image\\\/\",\"url\":\"https:\\\/\\\/www.lt-gasetechnik.de\\\/wp-content\\\/uploads\\\/2020\\\/06\\\/lt-gasetechnik-logo-60x330-1.jpg\",\"contentUrl\":\"https:\\\/\\\/www.lt-gasetechnik.de\\\/wp-content\\\/uploads\\\/2020\\\/06\\\/lt-gasetechnik-logo-60x330-1.jpg\",\"width\":330,\"height\":60,\"caption\":\"LT GASETECHNIK\"},\"image\":{\"@id\":\"https:\\\/\\\/www.lt-gasetechnik.de\\\/fr\\\/#\\\/schema\\\/logo\\\/image\\\/\"}},{\"@type\":\"Person\",\"@id\":\"https:\\\/\\\/www.lt-gasetechnik.de\\\/fr\\\/#\\\/schema\\\/person\\\/d9db0cad8ac27bf62f95b66b4b8fbfd4\",\"name\":\"Alexander Hanf\",\"image\":{\"@type\":\"ImageObject\",\"inLanguage\":\"fr-FR\",\"@id\":\"https:\\\/\\\/secure.gravatar.com\\\/avatar\\\/db2b524fb591574d36b6f1c5af0218f7a6af4a228530c02a586d1be61f1d05c4?s=96&d=mm&r=g\",\"url\":\"https:\\\/\\\/secure.gravatar.com\\\/avatar\\\/db2b524fb591574d36b6f1c5af0218f7a6af4a228530c02a586d1be61f1d05c4?s=96&d=mm&r=g\",\"contentUrl\":\"https:\\\/\\\/secure.gravatar.com\\\/avatar\\\/db2b524fb591574d36b6f1c5af0218f7a6af4a228530c02a586d1be61f1d05c4?s=96&d=mm&r=g\",\"caption\":\"Alexander Hanf\"},\"sameAs\":[\"https:\\\/\\\/www.lt-gasetechnik.de\"],\"url\":\"https:\\\/\\\/www.lt-gasetechnik.de\\\/fr\\\/author\\\/alexander-c-hanf\\\/\"}]}<\/script>\n<!-- \/ Yoast SEO plugin. -->","yoast_head_json":{"title":"VILF & LT GASETECHNIK : conf\u00e9rence \"Air pauvre pour les r\u00e9sines synth\u00e9tiques\".","description":"LT GASETECHNIK a donn\u00e9 une conf\u00e9rence intitul\u00e9e \"Sichere Magerluft f\u00fcr Kunstharze\" (Air pauvre s\u00fbr pour les r\u00e9sines) lors d'un \u00e9v\u00e9nement organis\u00e9 par VILF : T\u00e9l\u00e9charger la pr\u00e9sentation ici.","robots":{"index":"index","follow":"follow","max-snippet":"max-snippet:-1","max-image-preview":"max-image-preview:large","max-video-preview":"max-video-preview:-1"},"canonical":"https:\/\/www.lt-gasetechnik.de\/fr\/2024\/08\/06\/conference-a-la-vilf-association-des-ingenieurs-en-peintures-et-vernis\/","og_locale":"fr_FR","og_type":"article","og_title":"VILF & LT GASETECHNIK : conf\u00e9rence \"Air pauvre pour les r\u00e9sines synth\u00e9tiques\".","og_description":"LT GASETECHNIK a donn\u00e9 une conf\u00e9rence intitul\u00e9e \"Sichere Magerluft f\u00fcr Kunstharze\" (Air pauvre s\u00fbr pour les r\u00e9sines) lors d'un \u00e9v\u00e9nement organis\u00e9 par VILF : T\u00e9l\u00e9charger la pr\u00e9sentation ici.","og_url":"https:\/\/www.lt-gasetechnik.de\/fr\/2024\/08\/06\/conference-a-la-vilf-association-des-ingenieurs-en-peintures-et-vernis\/","og_site_name":"LT GASETECHNIK","article_published_time":"2024-08-06T09:58:51+00:00","og_image":[{"width":787,"height":494,"url":"https:\/\/www.lt-gasetechnik.de\/wp-content\/uploads\/2022\/10\/vortrag-vilf.jpeg","type":"image\/jpeg"}],"author":"Alexander Hanf","twitter_card":"summary_large_image","twitter_misc":{"\u00c9crit par":"Alexander Hanf","Dur\u00e9e de lecture estim\u00e9e":"1 minute"},"schema":{"@context":"https:\/\/schema.org","@graph":[{"@type":"Article","@id":"https:\/\/www.lt-gasetechnik.de\/fr\/2024\/08\/06\/conference-a-la-vilf-association-des-ingenieurs-en-peintures-et-vernis\/#article","isPartOf":{"@id":"https:\/\/www.lt-gasetechnik.de\/fr\/2024\/08\/06\/conference-a-la-vilf-association-des-ingenieurs-en-peintures-et-vernis\/"},"author":{"name":"Alexander Hanf","@id":"https:\/\/www.lt-gasetechnik.de\/fr\/#\/schema\/person\/d9db0cad8ac27bf62f95b66b4b8fbfd4"},"headline":"Conf\u00e9rence \u00e0 la VILF (Association des ing\u00e9nieurs en peintures et vernis)","datePublished":"2024-08-06T09:58:51+00:00","mainEntityOfPage":{"@id":"https:\/\/www.lt-gasetechnik.de\/fr\/2024\/08\/06\/conference-a-la-vilf-association-des-ingenieurs-en-peintures-et-vernis\/"},"wordCount":232,"commentCount":0,"publisher":{"@id":"https:\/\/www.lt-gasetechnik.de\/fr\/#organization"},"image":{"@id":"https:\/\/www.lt-gasetechnik.de\/fr\/2024\/08\/06\/conference-a-la-vilf-association-des-ingenieurs-en-peintures-et-vernis\/#primaryimage"},"thumbnailUrl":"https:\/\/www.lt-gasetechnik.de\/wp-content\/uploads\/2022\/10\/vortrag-vilf.jpeg","articleSection":["m\u00e9langeur de gaz","Secteurs de la chimie et de la pharmacie"],"inLanguage":"fr-FR","potentialAction":[{"@type":"CommentAction","name":"Comment","target":["https:\/\/www.lt-gasetechnik.de\/fr\/2024\/08\/06\/conference-a-la-vilf-association-des-ingenieurs-en-peintures-et-vernis\/#respond"]}]},{"@type":"WebPage","@id":"https:\/\/www.lt-gasetechnik.de\/fr\/2024\/08\/06\/conference-a-la-vilf-association-des-ingenieurs-en-peintures-et-vernis\/","url":"https:\/\/www.lt-gasetechnik.de\/fr\/2024\/08\/06\/conference-a-la-vilf-association-des-ingenieurs-en-peintures-et-vernis\/","name":"VILF & LT GASETECHNIK : conf\u00e9rence \"Air pauvre pour les r\u00e9sines synth\u00e9tiques\".","isPartOf":{"@id":"https:\/\/www.lt-gasetechnik.de\/fr\/#website"},"primaryImageOfPage":{"@id":"https:\/\/www.lt-gasetechnik.de\/fr\/2024\/08\/06\/conference-a-la-vilf-association-des-ingenieurs-en-peintures-et-vernis\/#primaryimage"},"image":{"@id":"https:\/\/www.lt-gasetechnik.de\/fr\/2024\/08\/06\/conference-a-la-vilf-association-des-ingenieurs-en-peintures-et-vernis\/#primaryimage"},"thumbnailUrl":"https:\/\/www.lt-gasetechnik.de\/wp-content\/uploads\/2022\/10\/vortrag-vilf.jpeg","datePublished":"2024-08-06T09:58:51+00:00","description":"LT GASETECHNIK a donn\u00e9 une conf\u00e9rence intitul\u00e9e \"Sichere Magerluft f\u00fcr Kunstharze\" (Air pauvre s\u00fbr pour les r\u00e9sines) lors d'un \u00e9v\u00e9nement organis\u00e9 par VILF : T\u00e9l\u00e9charger la pr\u00e9sentation ici.","breadcrumb":{"@id":"https:\/\/www.lt-gasetechnik.de\/fr\/2024\/08\/06\/conference-a-la-vilf-association-des-ingenieurs-en-peintures-et-vernis\/#breadcrumb"},"inLanguage":"fr-FR","potentialAction":[{"@type":"ReadAction","target":["https:\/\/www.lt-gasetechnik.de\/fr\/2024\/08\/06\/conference-a-la-vilf-association-des-ingenieurs-en-peintures-et-vernis\/"]}]},{"@type":"ImageObject","inLanguage":"fr-FR","@id":"https:\/\/www.lt-gasetechnik.de\/fr\/2024\/08\/06\/conference-a-la-vilf-association-des-ingenieurs-en-peintures-et-vernis\/#primaryimage","url":"https:\/\/www.lt-gasetechnik.de\/wp-content\/uploads\/2022\/10\/vortrag-vilf.jpeg","contentUrl":"https:\/\/www.lt-gasetechnik.de\/wp-content\/uploads\/2022\/10\/vortrag-vilf.jpeg","width":787,"height":494,"caption":"fabric color samples at a furniture exhibition"},{"@type":"BreadcrumbList","@id":"https:\/\/www.lt-gasetechnik.de\/fr\/2024\/08\/06\/conference-a-la-vilf-association-des-ingenieurs-en-peintures-et-vernis\/#breadcrumb","itemListElement":[{"@type":"ListItem","position":1,"name":"Startseite","item":"https:\/\/www.lt-gasetechnik.de\/fr\/"},{"@type":"ListItem","position":2,"name":"Conf\u00e9rence \u00e0 la VILF (Association des ing\u00e9nieurs en peintures et vernis)"}]},{"@type":"WebSite","@id":"https:\/\/www.lt-gasetechnik.de\/fr\/#website","url":"https:\/\/www.lt-gasetechnik.de\/fr\/","name":"LT GASETECHNIK","description":"beyond standards","publisher":{"@id":"https:\/\/www.lt-gasetechnik.de\/fr\/#organization"},"potentialAction":[{"@type":"SearchAction","target":{"@type":"EntryPoint","urlTemplate":"https:\/\/www.lt-gasetechnik.de\/fr\/?s={search_term_string}"},"query-input":{"@type":"PropertyValueSpecification","valueRequired":true,"valueName":"search_term_string"}}],"inLanguage":"fr-FR"},{"@type":"Organization","@id":"https:\/\/www.lt-gasetechnik.de\/fr\/#organization","name":"LT GASETECHNIK","url":"https:\/\/www.lt-gasetechnik.de\/fr\/","logo":{"@type":"ImageObject","inLanguage":"fr-FR","@id":"https:\/\/www.lt-gasetechnik.de\/fr\/#\/schema\/logo\/image\/","url":"https:\/\/www.lt-gasetechnik.de\/wp-content\/uploads\/2020\/06\/lt-gasetechnik-logo-60x330-1.jpg","contentUrl":"https:\/\/www.lt-gasetechnik.de\/wp-content\/uploads\/2020\/06\/lt-gasetechnik-logo-60x330-1.jpg","width":330,"height":60,"caption":"LT GASETECHNIK"},"image":{"@id":"https:\/\/www.lt-gasetechnik.de\/fr\/#\/schema\/logo\/image\/"}},{"@type":"Person","@id":"https:\/\/www.lt-gasetechnik.de\/fr\/#\/schema\/person\/d9db0cad8ac27bf62f95b66b4b8fbfd4","name":"Alexander Hanf","image":{"@type":"ImageObject","inLanguage":"fr-FR","@id":"https:\/\/secure.gravatar.com\/avatar\/db2b524fb591574d36b6f1c5af0218f7a6af4a228530c02a586d1be61f1d05c4?s=96&d=mm&r=g","url":"https:\/\/secure.gravatar.com\/avatar\/db2b524fb591574d36b6f1c5af0218f7a6af4a228530c02a586d1be61f1d05c4?s=96&d=mm&r=g","contentUrl":"https:\/\/secure.gravatar.com\/avatar\/db2b524fb591574d36b6f1c5af0218f7a6af4a228530c02a586d1be61f1d05c4?s=96&d=mm&r=g","caption":"Alexander Hanf"},"sameAs":["https:\/\/www.lt-gasetechnik.de"],"url":"https:\/\/www.lt-gasetechnik.de\/fr\/author\/alexander-c-hanf\/"}]}},"_links":{"self":[{"href":"https:\/\/www.lt-gasetechnik.de\/fr\/wp-json\/wp\/v2\/posts\/30710","targetHints":{"allow":["GET"]}}],"collection":[{"href":"https:\/\/www.lt-gasetechnik.de\/fr\/wp-json\/wp\/v2\/posts"}],"about":[{"href":"https:\/\/www.lt-gasetechnik.de\/fr\/wp-json\/wp\/v2\/types\/post"}],"author":[{"embeddable":true,"href":"https:\/\/www.lt-gasetechnik.de\/fr\/wp-json\/wp\/v2\/users\/5"}],"replies":[{"embeddable":true,"href":"https:\/\/www.lt-gasetechnik.de\/fr\/wp-json\/wp\/v2\/comments?post=30710"}],"version-history":[{"count":1,"href":"https:\/\/www.lt-gasetechnik.de\/fr\/wp-json\/wp\/v2\/posts\/30710\/revisions"}],"predecessor-version":[{"id":30711,"href":"https:\/\/www.lt-gasetechnik.de\/fr\/wp-json\/wp\/v2\/posts\/30710\/revisions\/30711"}],"wp:featuredmedia":[{"embeddable":true,"href":"https:\/\/www.lt-gasetechnik.de\/fr\/wp-json\/wp\/v2\/media\/22762"}],"wp:attachment":[{"href":"https:\/\/www.lt-gasetechnik.de\/fr\/wp-json\/wp\/v2\/media?parent=30710"}],"wp:term":[{"taxonomy":"category","embeddable":true,"href":"https:\/\/www.lt-gasetechnik.de\/fr\/wp-json\/wp\/v2\/categories?post=30710"},{"taxonomy":"post_tag","embeddable":true,"href":"https:\/\/www.lt-gasetechnik.de\/fr\/wp-json\/wp\/v2\/tags?post=30710"}],"curies":[{"name":"wp","href":"https:\/\/api.w.org\/{rel}","templated":true}]}}